{"id":35294,"date":"2023-03-16T16:24:20","date_gmt":"2023-03-16T19:24:20","guid":{"rendered":"https:\/\/www.compa-sp.com.br\/?p=35294"},"modified":"2023-04-17T16:28:47","modified_gmt":"2023-04-17T19:28:47","slug":"bate-papo-com-a-escritora-e-ilustradora-lucia-hiratsuka","status":"publish","type":"post","link":"https:\/\/www.compa-sp.com.br\/en\/blog\/acontece-no-compa\/bate-papo-com-a-escritora-e-ilustradora-lucia-hiratsuka\/","title":{"rendered":"Bate-papo com a escritora e ilustradora L\u00facia Hiratsuka"},"content":{"rendered":"<div data-elementor-type=\"wp-post\" data-elementor-id=\"35294\" class=\"elementor elementor-35294\" data-elementor-post-type=\"post\">\n\t\t\t\t\t\t<section class=\"elementor-section elementor-top-section elementor-element elementor-element-7442dd23 elementor-section-boxed elementor-section-height-default elementor-section-height-default\" data-id=\"7442dd23\" data-element_type=\"section\" data-e-type=\"section\" data-settings=\"{&quot;jet_parallax_layout_list&quot;:[]}\">\n\t\t\t\t\t\t<div class=\"elementor-container elementor-column-gap-default\">\n\t\t\t\t\t<div class=\"elementor-column elementor-col-100 elementor-top-column elementor-element elementor-element-65916931\" data-id=\"65916931\" data-element_type=\"column\" data-e-type=\"column\">\n\t\t\t<div class=\"elementor-widget-wrap elementor-element-populated\">\n\t\t\t\t\t\t<div class=\"elementor-element elementor-element-40a184a5 elementor-widget elementor-widget-text-editor\" data-id=\"40a184a5\" data-element_type=\"widget\" data-e-type=\"widget\" data-widget_type=\"text-editor.default\">\n\t\t\t\t<div class=\"elementor-widget-container\">\n\t\t\t\t\t\t\t\t\t<p>Nesta semana, recebemos a visita especial da escritora L\u00facia Hiratsuka no nosso col\u00e9gio, L\u00facia conquistou o pr\u00eamio Jabuti em 2019, na categoria de ilustra\u00e7\u00e3o. A autora conversou com os nossos estudantes do 5\u00ba Ano sobre o seu livro \u201cHist\u00f3rias guardadas pelo Rio\u201d (Editora SM Educa\u00e7\u00e3o).<br \/><br \/>L\u00facia falou sobre seu percurso na literatura infantil, respondeu as perguntas feitas por nossos estudantes e contou sobre o seu processo criativo como escritora e ilustradora, al\u00e9m disso, falou sobre as novidades da sua carreira e deu um \u201cspoiler\u201d sobre seu pr\u00f3ximo livro.<br \/><br \/>Nossos estudantes ainda ganharam um momento de aut\u00f3grafos! Muito bacana, n\u00e3o \u00e9?<br \/><br \/>Confira como foi essa conversa!<\/p>\t\t\t\t\t\t\t\t<\/div>\n\t\t\t\t<\/div>\n\t\t\t\t\t<\/div>\n\t\t<\/div>\n\t\t\t\t\t<\/div>\n\t\t<\/section>\n\t\t\t\t<section class=\"elementor-section elementor-top-section elementor-element elementor-element-4078988 elementor-section-boxed elementor-section-height-default elementor-section-height-default\" data-id=\"4078988\" data-element_type=\"section\" data-e-type=\"section\" data-settings=\"{&quot;jet_parallax_layout_list&quot;:[]}\">\n\t\t\t\t\t\t<div class=\"elementor-container elementor-column-gap-default\">\n\t\t\t\t\t<div class=\"elementor-column elementor-col-100 elementor-top-column elementor-element elementor-element-d4524ac\" data-id=\"d4524ac\" data-element_type=\"column\" data-e-type=\"column\">\n\t\t\t<div class=\"elementor-widget-wrap elementor-element-populated\">\n\t\t\t\t\t\t<div class=\"elementor-element elementor-element-cd97ffb elementor-widget elementor-widget-image-gallery\" data-id=\"cd97ffb\" data-element_type=\"widget\" data-e-type=\"widget\" data-widget_type=\"image-gallery.default\">\n\t\t\t\t<div class=\"elementor-widget-container\">\n\t\t\t\t\t\t\t<div class=\"elementor-image-gallery\">\n\t\t\t\n<a data-elementor-open-lightbox=\"yes\" data-elementor-lightbox-slideshow=\"cd97ffb\" data-elementor-lightbox-title=\"01_Bate-papo com a escritora L\u00facia Hiratsuka\" data-e-action-hash=\"#elementor-action%3Aaction%3Dlightbox%26settings%3DeyJpZCI6MzUyOTgsInVybCI6Imh0dHBzOlwvXC93d3cuY29tcGEtc3AuY29tLmJyXC93cC1jb250ZW50XC91cGxvYWRzXC8yMDIzXC8wNFwvMDFfQmF0ZS1wYXBvLWNvbS1hLWVzY3JpdG9yYS1MdWNpYS1IaXJhdHN1a2EuanBnIiwic2xpZGVzaG93IjoiY2Q5N2ZmYiJ9\" href='https:\/\/www.compa-sp.com.br\/en\/blog\/acontece-no-compa\/bate-papo-com-a-escritora-e-ilustradora-lucia-hiratsuka\/attachment\/01_bate-papo-com-a-escritora-lucia-hiratsuka\/'><img decoding=\"async\" width=\"150\" height=\"150\" src=\"https:\/\/www.compa-sp.com.br\/wp-content\/uploads\/2023\/04\/01_Bate-papo-com-a-escritora-Lucia-Hiratsuka-150x150.jpg\" class=\"attachment-thumbnail size-thumbnail\" alt=\"\" srcset=\"https:\/\/www.compa-sp.com.br\/wp-content\/uploads\/2023\/04\/01_Bate-papo-com-a-escritora-Lucia-Hiratsuka-150x150.jpg 150w, https:\/\/www.compa-sp.com.br\/wp-content\/uploads\/2023\/04\/01_Bate-papo-com-a-escritora-Lucia-Hiratsuka-300x300.jpg 300w, https:\/\/www.compa-sp.com.br\/wp-content\/uploads\/2023\/04\/01_Bate-papo-com-a-escritora-Lucia-Hiratsuka-1024x1024.jpg 1024w, https:\/\/www.compa-sp.com.br\/wp-content\/uploads\/2023\/04\/01_Bate-papo-com-a-escritora-Lucia-Hiratsuka-768x768.jpg 768w, https:\/\/www.compa-sp.com.br\/wp-content\/uploads\/2023\/04\/01_Bate-papo-com-a-escritora-Lucia-Hiratsuka-12x12.jpg 12w, https:\/\/www.compa-sp.com.br\/wp-content\/uploads\/2023\/04\/01_Bate-papo-com-a-escritora-Lucia-Hiratsuka-146x146.jpg 146w, https:\/\/www.compa-sp.com.br\/wp-content\/uploads\/2023\/04\/01_Bate-papo-com-a-escritora-Lucia-Hiratsuka-50x50.jpg 50w, https:\/\/www.compa-sp.com.br\/wp-content\/uploads\/2023\/04\/01_Bate-papo-com-a-escritora-Lucia-Hiratsuka-75x75.jpg 75w, https:\/\/www.compa-sp.com.br\/wp-content\/uploads\/2023\/04\/01_Bate-papo-com-a-escritora-Lucia-Hiratsuka-85x85.jpg 85w, https:\/\/www.compa-sp.com.br\/wp-content\/uploads\/2023\/04\/01_Bate-papo-com-a-escritora-Lucia-Hiratsuka-80x80.jpg 80w, https:\/\/www.compa-sp.com.br\/wp-content\/uploads\/2023\/04\/01_Bate-papo-com-a-escritora-Lucia-Hiratsuka-675x675.jpg 675w, https:\/\/www.compa-sp.com.br\/wp-content\/uploads\/2023\/04\/01_Bate-papo-com-a-escritora-Lucia-Hiratsuka.jpg 1080w\" sizes=\"(max-width:767px) 150px, 150px\" \/><\/a>\n<a data-elementor-open-lightbox=\"yes\" data-elementor-lightbox-slideshow=\"cd97ffb\" data-elementor-lightbox-title=\"02_Bate-papo com a escritora L\u00facia Hiratsuka\" data-e-action-hash=\"#elementor-action%3Aaction%3Dlightbox%26settings%3DeyJpZCI6MzUyOTksInVybCI6Imh0dHBzOlwvXC93d3cuY29tcGEtc3AuY29tLmJyXC93cC1jb250ZW50XC91cGxvYWRzXC8yMDIzXC8wNFwvMDJfQmF0ZS1wYXBvLWNvbS1hLWVzY3JpdG9yYS1MdWNpYS1IaXJhdHN1a2EuanBnIiwic2xpZGVzaG93IjoiY2Q5N2ZmYiJ9\" href='https:\/\/www.compa-sp.com.br\/en\/blog\/acontece-no-compa\/bate-papo-com-a-escritora-e-ilustradora-lucia-hiratsuka\/attachment\/02_bate-papo-com-a-escritora-lucia-hiratsuka\/'><img decoding=\"async\" width=\"150\" height=\"150\" src=\"https:\/\/www.compa-sp.com.br\/wp-content\/uploads\/2023\/04\/02_Bate-papo-com-a-escritora-Lucia-Hiratsuka-150x150.jpg\" class=\"attachment-thumbnail size-thumbnail\" alt=\"\" srcset=\"https:\/\/www.compa-sp.com.br\/wp-content\/uploads\/2023\/04\/02_Bate-papo-com-a-escritora-Lucia-Hiratsuka-150x150.jpg 150w, https:\/\/www.compa-sp.com.br\/wp-content\/uploads\/2023\/04\/02_Bate-papo-com-a-escritora-Lucia-Hiratsuka-300x300.jpg 300w, https:\/\/www.compa-sp.com.br\/wp-content\/uploads\/2023\/04\/02_Bate-papo-com-a-escritora-Lucia-Hiratsuka-1024x1024.jpg 1024w, https:\/\/www.compa-sp.com.br\/wp-content\/uploads\/2023\/04\/02_Bate-papo-com-a-escritora-Lucia-Hiratsuka-768x768.jpg 768w, https:\/\/www.compa-sp.com.br\/wp-content\/uploads\/2023\/04\/02_Bate-papo-com-a-escritora-Lucia-Hiratsuka-12x12.jpg 12w, https:\/\/www.compa-sp.com.br\/wp-content\/uploads\/2023\/04\/02_Bate-papo-com-a-escritora-Lucia-Hiratsuka-146x146.jpg 146w, https:\/\/www.compa-sp.com.br\/wp-content\/uploads\/2023\/04\/02_Bate-papo-com-a-escritora-Lucia-Hiratsuka-50x50.jpg 50w, https:\/\/www.compa-sp.com.br\/wp-content\/uploads\/2023\/04\/02_Bate-papo-com-a-escritora-Lucia-Hiratsuka-75x75.jpg 75w, https:\/\/www.compa-sp.com.br\/wp-content\/uploads\/2023\/04\/02_Bate-papo-com-a-escritora-Lucia-Hiratsuka-85x85.jpg 85w, https:\/\/www.compa-sp.com.br\/wp-content\/uploads\/2023\/04\/02_Bate-papo-com-a-escritora-Lucia-Hiratsuka-80x80.jpg 80w, https:\/\/www.compa-sp.com.br\/wp-content\/uploads\/2023\/04\/02_Bate-papo-com-a-escritora-Lucia-Hiratsuka-675x675.jpg 675w, https:\/\/www.compa-sp.com.br\/wp-content\/uploads\/2023\/04\/02_Bate-papo-com-a-escritora-Lucia-Hiratsuka.jpg 1080w\" sizes=\"(max-width:767px) 150px, 150px\" \/><\/a>\n<a data-elementor-open-lightbox=\"yes\" data-elementor-lightbox-slideshow=\"cd97ffb\" data-elementor-lightbox-title=\"03_Bate-papo com a escritora L\u00facia Hiratsuka\" data-e-action-hash=\"#elementor-action%3Aaction%3Dlightbox%26settings%3DeyJpZCI6MzUzMDAsInVybCI6Imh0dHBzOlwvXC93d3cuY29tcGEtc3AuY29tLmJyXC93cC1jb250ZW50XC91cGxvYWRzXC8yMDIzXC8wNFwvMDNfQmF0ZS1wYXBvLWNvbS1hLWVzY3JpdG9yYS1MdWNpYS1IaXJhdHN1a2EuanBnIiwic2xpZGVzaG93IjoiY2Q5N2ZmYiJ9\" href='https:\/\/www.compa-sp.com.br\/en\/blog\/acontece-no-compa\/bate-papo-com-a-escritora-e-ilustradora-lucia-hiratsuka\/attachment\/03_bate-papo-com-a-escritora-lucia-hiratsuka\/'><img decoding=\"async\" width=\"150\" height=\"150\" src=\"https:\/\/www.compa-sp.com.br\/wp-content\/uploads\/2023\/04\/03_Bate-papo-com-a-escritora-Lucia-Hiratsuka-150x150.jpg\" class=\"attachment-thumbnail size-thumbnail\" alt=\"\" srcset=\"https:\/\/www.compa-sp.com.br\/wp-content\/uploads\/2023\/04\/03_Bate-papo-com-a-escritora-Lucia-Hiratsuka-150x150.jpg 150w, https:\/\/www.compa-sp.com.br\/wp-content\/uploads\/2023\/04\/03_Bate-papo-com-a-escritora-Lucia-Hiratsuka-300x300.jpg 300w, https:\/\/www.compa-sp.com.br\/wp-content\/uploads\/2023\/04\/03_Bate-papo-com-a-escritora-Lucia-Hiratsuka-1024x1024.jpg 1024w, https:\/\/www.compa-sp.com.br\/wp-content\/uploads\/2023\/04\/03_Bate-papo-com-a-escritora-Lucia-Hiratsuka-768x768.jpg 768w, https:\/\/www.compa-sp.com.br\/wp-content\/uploads\/2023\/04\/03_Bate-papo-com-a-escritora-Lucia-Hiratsuka-12x12.jpg 12w, https:\/\/www.compa-sp.com.br\/wp-content\/uploads\/2023\/04\/03_Bate-papo-com-a-escritora-Lucia-Hiratsuka-146x146.jpg 146w, https:\/\/www.compa-sp.com.br\/wp-content\/uploads\/2023\/04\/03_Bate-papo-com-a-escritora-Lucia-Hiratsuka-50x50.jpg 50w, https:\/\/www.compa-sp.com.br\/wp-content\/uploads\/2023\/04\/03_Bate-papo-com-a-escritora-Lucia-Hiratsuka-75x75.jpg 75w, https:\/\/www.compa-sp.com.br\/wp-content\/uploads\/2023\/04\/03_Bate-papo-com-a-escritora-Lucia-Hiratsuka-85x85.jpg 85w, https:\/\/www.compa-sp.com.br\/wp-content\/uploads\/2023\/04\/03_Bate-papo-com-a-escritora-Lucia-Hiratsuka-80x80.jpg 80w, https:\/\/www.compa-sp.com.br\/wp-content\/uploads\/2023\/04\/03_Bate-papo-com-a-escritora-Lucia-Hiratsuka-675x675.jpg 675w, https:\/\/www.compa-sp.com.br\/wp-content\/uploads\/2023\/04\/03_Bate-papo-com-a-escritora-Lucia-Hiratsuka.jpg 1080w\" sizes=\"(max-width:767px) 150px, 150px\" \/><\/a>\n<a data-elementor-open-lightbox=\"yes\" data-elementor-lightbox-slideshow=\"cd97ffb\" data-elementor-lightbox-title=\"04_Bate-papo com a escritora L\u00facia Hiratsuka\" data-e-action-hash=\"#elementor-action%3Aaction%3Dlightbox%26settings%3DeyJpZCI6MzUzMDEsInVybCI6Imh0dHBzOlwvXC93d3cuY29tcGEtc3AuY29tLmJyXC93cC1jb250ZW50XC91cGxvYWRzXC8yMDIzXC8wNFwvMDRfQmF0ZS1wYXBvLWNvbS1hLWVzY3JpdG9yYS1MdWNpYS1IaXJhdHN1a2EuanBnIiwic2xpZGVzaG93IjoiY2Q5N2ZmYiJ9\" href='https:\/\/www.compa-sp.com.br\/en\/blog\/acontece-no-compa\/bate-papo-com-a-escritora-e-ilustradora-lucia-hiratsuka\/attachment\/04_bate-papo-com-a-escritora-lucia-hiratsuka\/'><img loading=\"lazy\" decoding=\"async\" width=\"150\" height=\"150\" src=\"https:\/\/www.compa-sp.com.br\/wp-content\/uploads\/2023\/04\/04_Bate-papo-com-a-escritora-Lucia-Hiratsuka-150x150.jpg\" class=\"attachment-thumbnail size-thumbnail\" alt=\"\" srcset=\"https:\/\/www.compa-sp.com.br\/wp-content\/uploads\/2023\/04\/04_Bate-papo-com-a-escritora-Lucia-Hiratsuka-150x150.jpg 150w, https:\/\/www.compa-sp.com.br\/wp-content\/uploads\/2023\/04\/04_Bate-papo-com-a-escritora-Lucia-Hiratsuka-300x300.jpg 300w, https:\/\/www.compa-sp.com.br\/wp-content\/uploads\/2023\/04\/04_Bate-papo-com-a-escritora-Lucia-Hiratsuka-1024x1024.jpg 1024w, https:\/\/www.compa-sp.com.br\/wp-content\/uploads\/2023\/04\/04_Bate-papo-com-a-escritora-Lucia-Hiratsuka-768x768.jpg 768w, https:\/\/www.compa-sp.com.br\/wp-content\/uploads\/2023\/04\/04_Bate-papo-com-a-escritora-Lucia-Hiratsuka-12x12.jpg 12w, https:\/\/www.compa-sp.com.br\/wp-content\/uploads\/2023\/04\/04_Bate-papo-com-a-escritora-Lucia-Hiratsuka-146x146.jpg 146w, https:\/\/www.compa-sp.com.br\/wp-content\/uploads\/2023\/04\/04_Bate-papo-com-a-escritora-Lucia-Hiratsuka-50x50.jpg 50w, https:\/\/www.compa-sp.com.br\/wp-content\/uploads\/2023\/04\/04_Bate-papo-com-a-escritora-Lucia-Hiratsuka-75x75.jpg 75w, https:\/\/www.compa-sp.com.br\/wp-content\/uploads\/2023\/04\/04_Bate-papo-com-a-escritora-Lucia-Hiratsuka-85x85.jpg 85w, https:\/\/www.compa-sp.com.br\/wp-content\/uploads\/2023\/04\/04_Bate-papo-com-a-escritora-Lucia-Hiratsuka-80x80.jpg 80w, https:\/\/www.compa-sp.com.br\/wp-content\/uploads\/2023\/04\/04_Bate-papo-com-a-escritora-Lucia-Hiratsuka-675x675.jpg 675w, https:\/\/www.compa-sp.com.br\/wp-content\/uploads\/2023\/04\/04_Bate-papo-com-a-escritora-Lucia-Hiratsuka.jpg 1080w\" sizes=\"(max-width:767px) 150px, 150px\" \/><\/a>\n<a data-elementor-open-lightbox=\"yes\" data-elementor-lightbox-slideshow=\"cd97ffb\" data-elementor-lightbox-title=\"05_Bate-papo com a escritora L\u00facia Hiratsuka\" data-e-action-hash=\"#elementor-action%3Aaction%3Dlightbox%26settings%3DeyJpZCI6MzUzMDIsInVybCI6Imh0dHBzOlwvXC93d3cuY29tcGEtc3AuY29tLmJyXC93cC1jb250ZW50XC91cGxvYWRzXC8yMDIzXC8wNFwvMDVfQmF0ZS1wYXBvLWNvbS1hLWVzY3JpdG9yYS1MdWNpYS1IaXJhdHN1a2EuanBnIiwic2xpZGVzaG93IjoiY2Q5N2ZmYiJ9\" href='https:\/\/www.compa-sp.com.br\/en\/blog\/acontece-no-compa\/bate-papo-com-a-escritora-e-ilustradora-lucia-hiratsuka\/attachment\/05_bate-papo-com-a-escritora-lucia-hiratsuka\/'><img loading=\"lazy\" decoding=\"async\" width=\"150\" height=\"150\" src=\"https:\/\/www.compa-sp.com.br\/wp-content\/uploads\/2023\/04\/05_Bate-papo-com-a-escritora-Lucia-Hiratsuka-150x150.jpg\" class=\"attachment-thumbnail size-thumbnail\" alt=\"\" srcset=\"https:\/\/www.compa-sp.com.br\/wp-content\/uploads\/2023\/04\/05_Bate-papo-com-a-escritora-Lucia-Hiratsuka-150x150.jpg 150w, https:\/\/www.compa-sp.com.br\/wp-content\/uploads\/2023\/04\/05_Bate-papo-com-a-escritora-Lucia-Hiratsuka-300x300.jpg 300w, https:\/\/www.compa-sp.com.br\/wp-content\/uploads\/2023\/04\/05_Bate-papo-com-a-escritora-Lucia-Hiratsuka-1024x1024.jpg 1024w, https:\/\/www.compa-sp.com.br\/wp-content\/uploads\/2023\/04\/05_Bate-papo-com-a-escritora-Lucia-Hiratsuka-768x768.jpg 768w, https:\/\/www.compa-sp.com.br\/wp-content\/uploads\/2023\/04\/05_Bate-papo-com-a-escritora-Lucia-Hiratsuka-12x12.jpg 12w, https:\/\/www.compa-sp.com.br\/wp-content\/uploads\/2023\/04\/05_Bate-papo-com-a-escritora-Lucia-Hiratsuka-146x146.jpg 146w, https:\/\/www.compa-sp.com.br\/wp-content\/uploads\/2023\/04\/05_Bate-papo-com-a-escritora-Lucia-Hiratsuka-50x50.jpg 50w, https:\/\/www.compa-sp.com.br\/wp-content\/uploads\/2023\/04\/05_Bate-papo-com-a-escritora-Lucia-Hiratsuka-75x75.jpg 75w, https:\/\/www.compa-sp.com.br\/wp-content\/uploads\/2023\/04\/05_Bate-papo-com-a-escritora-Lucia-Hiratsuka-85x85.jpg 85w, https:\/\/www.compa-sp.com.br\/wp-content\/uploads\/2023\/04\/05_Bate-papo-com-a-escritora-Lucia-Hiratsuka-80x80.jpg 80w, https:\/\/www.compa-sp.com.br\/wp-content\/uploads\/2023\/04\/05_Bate-papo-com-a-escritora-Lucia-Hiratsuka-675x675.jpg 675w, https:\/\/www.compa-sp.com.br\/wp-content\/uploads\/2023\/04\/05_Bate-papo-com-a-escritora-Lucia-Hiratsuka.jpg 1080w\" sizes=\"(max-width:767px) 150px, 150px\" \/><\/a>\n<a data-elementor-open-lightbox=\"yes\" data-elementor-lightbox-slideshow=\"cd97ffb\" data-elementor-lightbox-title=\"06_Bate-papo com a escritora L\u00facia Hiratsuka\" data-e-action-hash=\"#elementor-action%3Aaction%3Dlightbox%26settings%3DeyJpZCI6MzUzMDMsInVybCI6Imh0dHBzOlwvXC93d3cuY29tcGEtc3AuY29tLmJyXC93cC1jb250ZW50XC91cGxvYWRzXC8yMDIzXC8wNFwvMDZfQmF0ZS1wYXBvLWNvbS1hLWVzY3JpdG9yYS1MdWNpYS1IaXJhdHN1a2EuanBnIiwic2xpZGVzaG93IjoiY2Q5N2ZmYiJ9\" href='https:\/\/www.compa-sp.com.br\/en\/blog\/acontece-no-compa\/bate-papo-com-a-escritora-e-ilustradora-lucia-hiratsuka\/attachment\/06_bate-papo-com-a-escritora-lucia-hiratsuka\/'><img loading=\"lazy\" decoding=\"async\" width=\"150\" height=\"150\" src=\"https:\/\/www.compa-sp.com.br\/wp-content\/uploads\/2023\/04\/06_Bate-papo-com-a-escritora-Lucia-Hiratsuka-150x150.jpg\" class=\"attachment-thumbnail size-thumbnail\" alt=\"\" srcset=\"https:\/\/www.compa-sp.com.br\/wp-content\/uploads\/2023\/04\/06_Bate-papo-com-a-escritora-Lucia-Hiratsuka-150x150.jpg 150w, https:\/\/www.compa-sp.com.br\/wp-content\/uploads\/2023\/04\/06_Bate-papo-com-a-escritora-Lucia-Hiratsuka-300x300.jpg 300w, https:\/\/www.compa-sp.com.br\/wp-content\/uploads\/2023\/04\/06_Bate-papo-com-a-escritora-Lucia-Hiratsuka-1024x1024.jpg 1024w, https:\/\/www.compa-sp.com.br\/wp-content\/uploads\/2023\/04\/06_Bate-papo-com-a-escritora-Lucia-Hiratsuka-768x768.jpg 768w, https:\/\/www.compa-sp.com.br\/wp-content\/uploads\/2023\/04\/06_Bate-papo-com-a-escritora-Lucia-Hiratsuka-12x12.jpg 12w, https:\/\/www.compa-sp.com.br\/wp-content\/uploads\/2023\/04\/06_Bate-papo-com-a-escritora-Lucia-Hiratsuka-146x146.jpg 146w, https:\/\/www.compa-sp.com.br\/wp-content\/uploads\/2023\/04\/06_Bate-papo-com-a-escritora-Lucia-Hiratsuka-50x50.jpg 50w, https:\/\/www.compa-sp.com.br\/wp-content\/uploads\/2023\/04\/06_Bate-papo-com-a-escritora-Lucia-Hiratsuka-75x75.jpg 75w, https:\/\/www.compa-sp.com.br\/wp-content\/uploads\/2023\/04\/06_Bate-papo-com-a-escritora-Lucia-Hiratsuka-85x85.jpg 85w, https:\/\/www.compa-sp.com.br\/wp-content\/uploads\/2023\/04\/06_Bate-papo-com-a-escritora-Lucia-Hiratsuka-80x80.jpg 80w, https:\/\/www.compa-sp.com.br\/wp-content\/uploads\/2023\/04\/06_Bate-papo-com-a-escritora-Lucia-Hiratsuka-675x675.jpg 675w, https:\/\/www.compa-sp.com.br\/wp-content\/uploads\/2023\/04\/06_Bate-papo-com-a-escritora-Lucia-Hiratsuka.jpg 1080w\" sizes=\"(max-width:767px) 150px, 150px\" \/><\/a>\n<a data-elementor-open-lightbox=\"yes\" data-elementor-lightbox-slideshow=\"cd97ffb\" data-elementor-lightbox-title=\"07_Bate-papo com a escritora L\u00facia Hiratsuka\" data-e-action-hash=\"#elementor-action%3Aaction%3Dlightbox%26settings%3DeyJpZCI6MzUzMDQsInVybCI6Imh0dHBzOlwvXC93d3cuY29tcGEtc3AuY29tLmJyXC93cC1jb250ZW50XC91cGxvYWRzXC8yMDIzXC8wNFwvMDdfQmF0ZS1wYXBvLWNvbS1hLWVzY3JpdG9yYS1MdWNpYS1IaXJhdHN1a2EuanBnIiwic2xpZGVzaG93IjoiY2Q5N2ZmYiJ9\" href='https:\/\/www.compa-sp.com.br\/en\/blog\/acontece-no-compa\/bate-papo-com-a-escritora-e-ilustradora-lucia-hiratsuka\/attachment\/07_bate-papo-com-a-escritora-lucia-hiratsuka\/'><img loading=\"lazy\" decoding=\"async\" width=\"150\" height=\"150\" src=\"https:\/\/www.compa-sp.com.br\/wp-content\/uploads\/2023\/04\/07_Bate-papo-com-a-escritora-Lucia-Hiratsuka-150x150.jpg\" class=\"attachment-thumbnail size-thumbnail\" alt=\"\" srcset=\"https:\/\/www.compa-sp.com.br\/wp-content\/uploads\/2023\/04\/07_Bate-papo-com-a-escritora-Lucia-Hiratsuka-150x150.jpg 150w, https:\/\/www.compa-sp.com.br\/wp-content\/uploads\/2023\/04\/07_Bate-papo-com-a-escritora-Lucia-Hiratsuka-300x300.jpg 300w, https:\/\/www.compa-sp.com.br\/wp-content\/uploads\/2023\/04\/07_Bate-papo-com-a-escritora-Lucia-Hiratsuka-1024x1024.jpg 1024w, https:\/\/www.compa-sp.com.br\/wp-content\/uploads\/2023\/04\/07_Bate-papo-com-a-escritora-Lucia-Hiratsuka-768x768.jpg 768w, https:\/\/www.compa-sp.com.br\/wp-content\/uploads\/2023\/04\/07_Bate-papo-com-a-escritora-Lucia-Hiratsuka-12x12.jpg 12w, https:\/\/www.compa-sp.com.br\/wp-content\/uploads\/2023\/04\/07_Bate-papo-com-a-escritora-Lucia-Hiratsuka-146x146.jpg 146w, https:\/\/www.compa-sp.com.br\/wp-content\/uploads\/2023\/04\/07_Bate-papo-com-a-escritora-Lucia-Hiratsuka-50x50.jpg 50w, https:\/\/www.compa-sp.com.br\/wp-content\/uploads\/2023\/04\/07_Bate-papo-com-a-escritora-Lucia-Hiratsuka-75x75.jpg 75w, https:\/\/www.compa-sp.com.br\/wp-content\/uploads\/2023\/04\/07_Bate-papo-com-a-escritora-Lucia-Hiratsuka-85x85.jpg 85w, https:\/\/www.compa-sp.com.br\/wp-content\/uploads\/2023\/04\/07_Bate-papo-com-a-escritora-Lucia-Hiratsuka-80x80.jpg 80w, https:\/\/www.compa-sp.com.br\/wp-content\/uploads\/2023\/04\/07_Bate-papo-com-a-escritora-Lucia-Hiratsuka-675x675.jpg 675w, https:\/\/www.compa-sp.com.br\/wp-content\/uploads\/2023\/04\/07_Bate-papo-com-a-escritora-Lucia-Hiratsuka.jpg 1080w\" sizes=\"(max-width:767px) 150px, 150px\" \/><\/a>\n<a data-elementor-open-lightbox=\"yes\" data-elementor-lightbox-slideshow=\"cd97ffb\" data-elementor-lightbox-title=\"08_Bate-papo com a escritora L\u00facia Hiratsuka\" data-e-action-hash=\"#elementor-action%3Aaction%3Dlightbox%26settings%3DeyJpZCI6MzUzMDUsInVybCI6Imh0dHBzOlwvXC93d3cuY29tcGEtc3AuY29tLmJyXC93cC1jb250ZW50XC91cGxvYWRzXC8yMDIzXC8wNFwvMDhfQmF0ZS1wYXBvLWNvbS1hLWVzY3JpdG9yYS1MdWNpYS1IaXJhdHN1a2EuanBnIiwic2xpZGVzaG93IjoiY2Q5N2ZmYiJ9\" href='https:\/\/www.compa-sp.com.br\/en\/blog\/acontece-no-compa\/bate-papo-com-a-escritora-e-ilustradora-lucia-hiratsuka\/attachment\/08_bate-papo-com-a-escritora-lucia-hiratsuka\/'><img loading=\"lazy\" decoding=\"async\" width=\"150\" height=\"150\" src=\"https:\/\/www.compa-sp.com.br\/wp-content\/uploads\/2023\/04\/08_Bate-papo-com-a-escritora-Lucia-Hiratsuka-150x150.jpg\" class=\"attachment-thumbnail size-thumbnail\" alt=\"\" srcset=\"https:\/\/www.compa-sp.com.br\/wp-content\/uploads\/2023\/04\/08_Bate-papo-com-a-escritora-Lucia-Hiratsuka-150x150.jpg 150w, https:\/\/www.compa-sp.com.br\/wp-content\/uploads\/2023\/04\/08_Bate-papo-com-a-escritora-Lucia-Hiratsuka-300x300.jpg 300w, https:\/\/www.compa-sp.com.br\/wp-content\/uploads\/2023\/04\/08_Bate-papo-com-a-escritora-Lucia-Hiratsuka-1024x1024.jpg 1024w, https:\/\/www.compa-sp.com.br\/wp-content\/uploads\/2023\/04\/08_Bate-papo-com-a-escritora-Lucia-Hiratsuka-768x768.jpg 768w, https:\/\/www.compa-sp.com.br\/wp-content\/uploads\/2023\/04\/08_Bate-papo-com-a-escritora-Lucia-Hiratsuka-12x12.jpg 12w, https:\/\/www.compa-sp.com.br\/wp-content\/uploads\/2023\/04\/08_Bate-papo-com-a-escritora-Lucia-Hiratsuka-146x146.jpg 146w, https:\/\/www.compa-sp.com.br\/wp-content\/uploads\/2023\/04\/08_Bate-papo-com-a-escritora-Lucia-Hiratsuka-50x50.jpg 50w, https:\/\/www.compa-sp.com.br\/wp-content\/uploads\/2023\/04\/08_Bate-papo-com-a-escritora-Lucia-Hiratsuka-75x75.jpg 75w, https:\/\/www.compa-sp.com.br\/wp-content\/uploads\/2023\/04\/08_Bate-papo-com-a-escritora-Lucia-Hiratsuka-85x85.jpg 85w, https:\/\/www.compa-sp.com.br\/wp-content\/uploads\/2023\/04\/08_Bate-papo-com-a-escritora-Lucia-Hiratsuka-80x80.jpg 80w, https:\/\/www.compa-sp.com.br\/wp-content\/uploads\/2023\/04\/08_Bate-papo-com-a-escritora-Lucia-Hiratsuka-675x675.jpg 675w, https:\/\/www.compa-sp.com.br\/wp-content\/uploads\/2023\/04\/08_Bate-papo-com-a-escritora-Lucia-Hiratsuka.jpg 1080w\" sizes=\"(max-width:767px) 150px, 150px\" \/><\/a>\n<a data-elementor-open-lightbox=\"yes\" data-elementor-lightbox-slideshow=\"cd97ffb\" data-elementor-lightbox-title=\"09_Bate-papo com a escritora L\u00facia Hiratsuka\" data-e-action-hash=\"#elementor-action%3Aaction%3Dlightbox%26settings%3DeyJpZCI6MzUzMDYsInVybCI6Imh0dHBzOlwvXC93d3cuY29tcGEtc3AuY29tLmJyXC93cC1jb250ZW50XC91cGxvYWRzXC8yMDIzXC8wNFwvMDlfQmF0ZS1wYXBvLWNvbS1hLWVzY3JpdG9yYS1MdWNpYS1IaXJhdHN1a2EuanBnIiwic2xpZGVzaG93IjoiY2Q5N2ZmYiJ9\" href='https:\/\/www.compa-sp.com.br\/en\/blog\/acontece-no-compa\/bate-papo-com-a-escritora-e-ilustradora-lucia-hiratsuka\/attachment\/09_bate-papo-com-a-escritora-lucia-hiratsuka\/'><img loading=\"lazy\" decoding=\"async\" width=\"150\" height=\"150\" src=\"https:\/\/www.compa-sp.com.br\/wp-content\/uploads\/2023\/04\/09_Bate-papo-com-a-escritora-Lucia-Hiratsuka-150x150.jpg\" class=\"attachment-thumbnail size-thumbnail\" alt=\"\" srcset=\"https:\/\/www.compa-sp.com.br\/wp-content\/uploads\/2023\/04\/09_Bate-papo-com-a-escritora-Lucia-Hiratsuka-150x150.jpg 150w, https:\/\/www.compa-sp.com.br\/wp-content\/uploads\/2023\/04\/09_Bate-papo-com-a-escritora-Lucia-Hiratsuka-300x300.jpg 300w, https:\/\/www.compa-sp.com.br\/wp-content\/uploads\/2023\/04\/09_Bate-papo-com-a-escritora-Lucia-Hiratsuka-1024x1024.jpg 1024w, https:\/\/www.compa-sp.com.br\/wp-content\/uploads\/2023\/04\/09_Bate-papo-com-a-escritora-Lucia-Hiratsuka-768x768.jpg 768w, https:\/\/www.compa-sp.com.br\/wp-content\/uploads\/2023\/04\/09_Bate-papo-com-a-escritora-Lucia-Hiratsuka-12x12.jpg 12w, https:\/\/www.compa-sp.com.br\/wp-content\/uploads\/2023\/04\/09_Bate-papo-com-a-escritora-Lucia-Hiratsuka-146x146.jpg 146w, https:\/\/www.compa-sp.com.br\/wp-content\/uploads\/2023\/04\/09_Bate-papo-com-a-escritora-Lucia-Hiratsuka-50x50.jpg 50w, https:\/\/www.compa-sp.com.br\/wp-content\/uploads\/2023\/04\/09_Bate-papo-com-a-escritora-Lucia-Hiratsuka-75x75.jpg 75w, https:\/\/www.compa-sp.com.br\/wp-content\/uploads\/2023\/04\/09_Bate-papo-com-a-escritora-Lucia-Hiratsuka-85x85.jpg 85w, https:\/\/www.compa-sp.com.br\/wp-content\/uploads\/2023\/04\/09_Bate-papo-com-a-escritora-Lucia-Hiratsuka-80x80.jpg 80w, https:\/\/www.compa-sp.com.br\/wp-content\/uploads\/2023\/04\/09_Bate-papo-com-a-escritora-Lucia-Hiratsuka-675x675.jpg 675w, https:\/\/www.compa-sp.com.br\/wp-content\/uploads\/2023\/04\/09_Bate-papo-com-a-escritora-Lucia-Hiratsuka.jpg 1080w\" sizes=\"(max-width:767px) 150px, 150px\" \/><\/a>\n<a data-elementor-open-lightbox=\"yes\" data-elementor-lightbox-slideshow=\"cd97ffb\" data-elementor-lightbox-title=\"10_Bate-papo com a escritora L\u00facia Hiratsuka\" data-e-action-hash=\"#elementor-action%3Aaction%3Dlightbox%26settings%3DeyJpZCI6MzUzMDcsInVybCI6Imh0dHBzOlwvXC93d3cuY29tcGEtc3AuY29tLmJyXC93cC1jb250ZW50XC91cGxvYWRzXC8yMDIzXC8wNFwvMTBfQmF0ZS1wYXBvLWNvbS1hLWVzY3JpdG9yYS1MdWNpYS1IaXJhdHN1a2EuanBnIiwic2xpZGVzaG93IjoiY2Q5N2ZmYiJ9\" href='https:\/\/www.compa-sp.com.br\/en\/blog\/acontece-no-compa\/bate-papo-com-a-escritora-e-ilustradora-lucia-hiratsuka\/attachment\/10_bate-papo-com-a-escritora-lucia-hiratsuka\/'><img loading=\"lazy\" decoding=\"async\" width=\"150\" height=\"150\" src=\"https:\/\/www.compa-sp.com.br\/wp-content\/uploads\/2023\/04\/10_Bate-papo-com-a-escritora-Lucia-Hiratsuka-150x150.jpg\" class=\"attachment-thumbnail size-thumbnail\" alt=\"\" srcset=\"https:\/\/www.compa-sp.com.br\/wp-content\/uploads\/2023\/04\/10_Bate-papo-com-a-escritora-Lucia-Hiratsuka-150x150.jpg 150w, https:\/\/www.compa-sp.com.br\/wp-content\/uploads\/2023\/04\/10_Bate-papo-com-a-escritora-Lucia-Hiratsuka-300x300.jpg 300w, https:\/\/www.compa-sp.com.br\/wp-content\/uploads\/2023\/04\/10_Bate-papo-com-a-escritora-Lucia-Hiratsuka-1024x1024.jpg 1024w, https:\/\/www.compa-sp.com.br\/wp-content\/uploads\/2023\/04\/10_Bate-papo-com-a-escritora-Lucia-Hiratsuka-768x768.jpg 768w, https:\/\/www.compa-sp.com.br\/wp-content\/uploads\/2023\/04\/10_Bate-papo-com-a-escritora-Lucia-Hiratsuka-12x12.jpg 12w, https:\/\/www.compa-sp.com.br\/wp-content\/uploads\/2023\/04\/10_Bate-papo-com-a-escritora-Lucia-Hiratsuka-146x146.jpg 146w, https:\/\/www.compa-sp.com.br\/wp-content\/uploads\/2023\/04\/10_Bate-papo-com-a-escritora-Lucia-Hiratsuka-50x50.jpg 50w, https:\/\/www.compa-sp.com.br\/wp-content\/uploads\/2023\/04\/10_Bate-papo-com-a-escritora-Lucia-Hiratsuka-75x75.jpg 75w, https:\/\/www.compa-sp.com.br\/wp-content\/uploads\/2023\/04\/10_Bate-papo-com-a-escritora-Lucia-Hiratsuka-85x85.jpg 85w, https:\/\/www.compa-sp.com.br\/wp-content\/uploads\/2023\/04\/10_Bate-papo-com-a-escritora-Lucia-Hiratsuka-80x80.jpg 80w, https:\/\/www.compa-sp.com.br\/wp-content\/uploads\/2023\/04\/10_Bate-papo-com-a-escritora-Lucia-Hiratsuka-675x675.jpg 675w, https:\/\/www.compa-sp.com.br\/wp-content\/uploads\/2023\/04\/10_Bate-papo-com-a-escritora-Lucia-Hiratsuka.jpg 1080w\" sizes=\"(max-width:767px) 150px, 150px\" \/><\/a>\n\t\t<\/div>\n\t\t\t\t\t\t<\/div>\n\t\t\t\t<\/div>\n\t\t\t\t\t<\/div>\n\t\t<\/div>\n\t\t\t\t\t<\/div>\n\t\t<\/section>\n\t\t\t\t<\/div>","protected":false},"excerpt":{"rendered":"<p>Nesta semana, recebemos a visita especial da escritora L\u00facia Hiratsuka no nosso col\u00e9gio, L\u00facia conquistou o pr\u00eamio Jabuti em 2019, na categoria de ilustra\u00e7\u00e3o. A autora<span class=\"excerpt-hellip\"> [\u2026]<\/span><\/p>\n","protected":false},"author":1,"featured_media":35296,"comment_status":"open","ping_status":"open","sticky":false,"template":"","format":"standard","meta":{"inline_featured_image":false,"footnotes":""},"categories":[75],"tags":[],"class_list":["post-35294","post","type-post","status-publish","format-standard","has-post-thumbnail","hentry","category-acontece-no-compa"],"yoast_head":"<!-- This site is optimized with the Yoast SEO Premium plugin v25.7.1 (Yoast SEO v27.4) - https:\/\/yoast.com\/product\/yoast-seo-premium-wordpress\/ -->\n<title>Bate-papo com a escritora e ilustradora L\u00facia Hiratsuka &#187; Compa SP \u00bb Col\u00e9gio da Companhia de Maria Bate-papo com a escritora e ilustradora L\u00facia Hiratsuka &#187;<\/title>\n<meta name=\"description\" content=\"Visita especial da escritora L\u00facia Hiratsuka no Compa SP, L\u00facia conquistou o pr\u00eamio Jabuti em 2019, na categoria de ilustra\u00e7\u00e3o.\" \/>\n<meta name=\"robots\" content=\"index, follow, max-snippet:-1, max-image-preview:large, max-video-preview:-1\" \/>\n<link rel=\"canonical\" href=\"https:\/\/www.compa-sp.com.br\/en\/blog\/acontece-no-compa\/bate-papo-com-a-escritora-e-ilustradora-lucia-hiratsuka\/\" \/>\n<meta property=\"og:locale\" content=\"en_US\" \/>\n<meta property=\"og:type\" content=\"article\" \/>\n<meta property=\"og:title\" content=\"Bate-papo com a escritora e ilustradora L\u00facia Hiratsuka\" \/>\n<meta property=\"og:description\" content=\"Nosso olhar aponta para o novo, sem desconsiderar a seguran\u00e7a da tradi\u00e7\u00e3o de quem educa h\u00e1 mais de 400 anos em v\u00e1rias partes do mundo.\" \/>\n<meta property=\"og:url\" content=\"https:\/\/www.compa-sp.com.br\/en\/blog\/acontece-no-compa\/bate-papo-com-a-escritora-e-ilustradora-lucia-hiratsuka\/\" \/>\n<meta property=\"og:site_name\" content=\"Compa SP \u00bb Col\u00e9gio da Companhia de Maria\" \/>\n<meta property=\"article:publisher\" content=\"https:\/\/www.facebook.com\/colegiodacompanhiademaria\" \/>\n<meta property=\"article:published_time\" content=\"2023-03-16T19:24:20+00:00\" \/>\n<meta property=\"article:modified_time\" content=\"2023-04-17T19:28:47+00:00\" \/>\n<meta property=\"og:image\" content=\"https:\/\/www.compa-sp.com.br\/wp-content\/uploads\/2023\/04\/lucina_hiratsuka_compasp.jpg\" \/>\n\t<meta property=\"og:image:width\" content=\"1920\" \/>\n\t<meta property=\"og:image:height\" content=\"1080\" \/>\n\t<meta property=\"og:image:type\" content=\"image\/jpeg\" \/>\n<meta name=\"author\" content=\"compa\" \/>\n<meta name=\"twitter:card\" content=\"summary_large_image\" \/>\n<meta name=\"twitter:label1\" content=\"Written by\" \/>\n\t<meta name=\"twitter:data1\" content=\"compa\" \/>\n\t<meta name=\"twitter:label2\" content=\"Est. reading time\" \/>\n\t<meta name=\"twitter:data2\" content=\"3 minutes\" \/>\n<script type=\"application\/ld+json\" class=\"yoast-schema-graph\">{\"@context\":\"https:\\\/\\\/schema.org\",\"@graph\":[{\"@type\":\"Article\",\"@id\":\"https:\\\/\\\/www.compa-sp.com.br\\\/blog\\\/acontece-no-compa\\\/bate-papo-com-a-escritora-e-ilustradora-lucia-hiratsuka\\\/#article\",\"isPartOf\":{\"@id\":\"https:\\\/\\\/www.compa-sp.com.br\\\/blog\\\/acontece-no-compa\\\/bate-papo-com-a-escritora-e-ilustradora-lucia-hiratsuka\\\/\"},\"author\":{\"name\":\"compa\",\"@id\":\"https:\\\/\\\/www.compa-sp.com.br\\\/#\\\/schema\\\/person\\\/b8be9445f03770337f3e4ee97c1a8aa3\"},\"headline\":\"Bate-papo com a escritora e ilustradora L\u00facia Hiratsuka\",\"datePublished\":\"2023-03-16T19:24:20+00:00\",\"dateModified\":\"2023-04-17T19:28:47+00:00\",\"mainEntityOfPage\":{\"@id\":\"https:\\\/\\\/www.compa-sp.com.br\\\/blog\\\/acontece-no-compa\\\/bate-papo-com-a-escritora-e-ilustradora-lucia-hiratsuka\\\/\"},\"wordCount\":123,\"commentCount\":0,\"publisher\":{\"@id\":\"https:\\\/\\\/www.compa-sp.com.br\\\/#organization\"},\"image\":{\"@id\":\"https:\\\/\\\/www.compa-sp.com.br\\\/blog\\\/acontece-no-compa\\\/bate-papo-com-a-escritora-e-ilustradora-lucia-hiratsuka\\\/#primaryimage\"},\"thumbnailUrl\":\"https:\\\/\\\/www.compa-sp.com.br\\\/wp-content\\\/uploads\\\/2023\\\/04\\\/lucina_hiratsuka_compasp.jpg\",\"articleSection\":[\"Acontece no Compa\"],\"inLanguage\":\"en-US\",\"potentialAction\":[{\"@type\":\"CommentAction\",\"name\":\"Comment\",\"target\":[\"https:\\\/\\\/www.compa-sp.com.br\\\/blog\\\/acontece-no-compa\\\/bate-papo-com-a-escritora-e-ilustradora-lucia-hiratsuka\\\/#respond\"]}]},{\"@type\":\"WebPage\",\"@id\":\"https:\\\/\\\/www.compa-sp.com.br\\\/blog\\\/acontece-no-compa\\\/bate-papo-com-a-escritora-e-ilustradora-lucia-hiratsuka\\\/\",\"url\":\"https:\\\/\\\/www.compa-sp.com.br\\\/blog\\\/acontece-no-compa\\\/bate-papo-com-a-escritora-e-ilustradora-lucia-hiratsuka\\\/\",\"name\":\"Bate-papo com a escritora e ilustradora L\u00facia Hiratsuka &#187; Compa SP \u00bb Col\u00e9gio da Companhia de Maria Bate-papo com a escritora e ilustradora L\u00facia Hiratsuka &#187;\",\"isPartOf\":{\"@id\":\"https:\\\/\\\/www.compa-sp.com.br\\\/#website\"},\"primaryImageOfPage\":{\"@id\":\"https:\\\/\\\/www.compa-sp.com.br\\\/blog\\\/acontece-no-compa\\\/bate-papo-com-a-escritora-e-ilustradora-lucia-hiratsuka\\\/#primaryimage\"},\"image\":{\"@id\":\"https:\\\/\\\/www.compa-sp.com.br\\\/blog\\\/acontece-no-compa\\\/bate-papo-com-a-escritora-e-ilustradora-lucia-hiratsuka\\\/#primaryimage\"},\"thumbnailUrl\":\"https:\\\/\\\/www.compa-sp.com.br\\\/wp-content\\\/uploads\\\/2023\\\/04\\\/lucina_hiratsuka_compasp.jpg\",\"datePublished\":\"2023-03-16T19:24:20+00:00\",\"dateModified\":\"2023-04-17T19:28:47+00:00\",\"description\":\"Visita especial da escritora L\u00facia Hiratsuka no Compa SP, L\u00facia conquistou o pr\u00eamio Jabuti em 2019, na categoria de ilustra\u00e7\u00e3o.\",\"breadcrumb\":{\"@id\":\"https:\\\/\\\/www.compa-sp.com.br\\\/blog\\\/acontece-no-compa\\\/bate-papo-com-a-escritora-e-ilustradora-lucia-hiratsuka\\\/#breadcrumb\"},\"inLanguage\":\"en-US\",\"potentialAction\":[{\"@type\":\"ReadAction\",\"target\":[\"https:\\\/\\\/www.compa-sp.com.br\\\/blog\\\/acontece-no-compa\\\/bate-papo-com-a-escritora-e-ilustradora-lucia-hiratsuka\\\/\"]}]},{\"@type\":\"ImageObject\",\"inLanguage\":\"en-US\",\"@id\":\"https:\\\/\\\/www.compa-sp.com.br\\\/blog\\\/acontece-no-compa\\\/bate-papo-com-a-escritora-e-ilustradora-lucia-hiratsuka\\\/#primaryimage\",\"url\":\"https:\\\/\\\/www.compa-sp.com.br\\\/wp-content\\\/uploads\\\/2023\\\/04\\\/lucina_hiratsuka_compasp.jpg\",\"contentUrl\":\"https:\\\/\\\/www.compa-sp.com.br\\\/wp-content\\\/uploads\\\/2023\\\/04\\\/lucina_hiratsuka_compasp.jpg\",\"width\":1920,\"height\":1080},{\"@type\":\"BreadcrumbList\",\"@id\":\"https:\\\/\\\/www.compa-sp.com.br\\\/blog\\\/acontece-no-compa\\\/bate-papo-com-a-escritora-e-ilustradora-lucia-hiratsuka\\\/#breadcrumb\",\"itemListElement\":[{\"@type\":\"ListItem\",\"position\":1,\"name\":\"In\u00edcio\",\"item\":\"https:\\\/\\\/www.compa-sp.com.br\\\/\"},{\"@type\":\"ListItem\",\"position\":2,\"name\":\"Bate-papo com a escritora e ilustradora L\u00facia Hiratsuka\"}]},{\"@type\":\"WebSite\",\"@id\":\"https:\\\/\\\/www.compa-sp.com.br\\\/#website\",\"url\":\"https:\\\/\\\/www.compa-sp.com.br\\\/\",\"name\":\"Compa SP \u00bb Col\u00e9gio da Companhia de Maria\",\"description\":\"Rede Internacional de Ensino\",\"publisher\":{\"@id\":\"https:\\\/\\\/www.compa-sp.com.br\\\/#organization\"},\"potentialAction\":[{\"@type\":\"SearchAction\",\"target\":{\"@type\":\"EntryPoint\",\"urlTemplate\":\"https:\\\/\\\/www.compa-sp.com.br\\\/?s={search_term_string}\"},\"query-input\":{\"@type\":\"PropertyValueSpecification\",\"valueRequired\":true,\"valueName\":\"search_term_string\"}}],\"inLanguage\":\"en-US\"},{\"@type\":\"Organization\",\"@id\":\"https:\\\/\\\/www.compa-sp.com.br\\\/#organization\",\"name\":\"Compa SP \u2022 Col\u00e9gio da Companhia de Maria \u2022 S\u00e3o Paulo\",\"alternateName\":\"Compa SP\",\"url\":\"https:\\\/\\\/www.compa-sp.com.br\\\/\",\"logo\":{\"@type\":\"ImageObject\",\"inLanguage\":\"en-US\",\"@id\":\"https:\\\/\\\/www.compa-sp.com.br\\\/#\\\/schema\\\/logo\\\/image\\\/\",\"url\":\"https:\\\/\\\/www.compa-sp.com.br\\\/wp-content\\\/uploads\\\/2022\\\/10\\\/COMPA_LOGO.png\",\"contentUrl\":\"https:\\\/\\\/www.compa-sp.com.br\\\/wp-content\\\/uploads\\\/2022\\\/10\\\/COMPA_LOGO.png\",\"width\":1820,\"height\":1820,\"caption\":\"Compa SP \u2022 Col\u00e9gio da Companhia de Maria \u2022 S\u00e3o Paulo\"},\"image\":{\"@id\":\"https:\\\/\\\/www.compa-sp.com.br\\\/#\\\/schema\\\/logo\\\/image\\\/\"},\"sameAs\":[\"https:\\\/\\\/www.facebook.com\\\/colegiodacompanhiademaria\",\"https:\\\/\\\/www.instagram.com\\\/colegiocompasp\",\"https:\\\/\\\/www.linkedin.com\\\/company\\\/compa-sp\",\"https:\\\/\\\/www.youtube.com\\\/compasp\"]},{\"@type\":\"Person\",\"@id\":\"https:\\\/\\\/www.compa-sp.com.br\\\/#\\\/schema\\\/person\\\/b8be9445f03770337f3e4ee97c1a8aa3\",\"name\":\"compa\",\"image\":{\"@type\":\"ImageObject\",\"inLanguage\":\"en-US\",\"@id\":\"https:\\\/\\\/secure.gravatar.com\\\/avatar\\\/8568cee3774dc59503b10b32e3d5c2ff1cac61105fd16b8c4db778724774e290?s=96&d=mm&r=g\",\"url\":\"https:\\\/\\\/secure.gravatar.com\\\/avatar\\\/8568cee3774dc59503b10b32e3d5c2ff1cac61105fd16b8c4db778724774e290?s=96&d=mm&r=g\",\"contentUrl\":\"https:\\\/\\\/secure.gravatar.com\\\/avatar\\\/8568cee3774dc59503b10b32e3d5c2ff1cac61105fd16b8c4db778724774e290?s=96&d=mm&r=g\",\"caption\":\"compa\"},\"sameAs\":[\"https:\\\/\\\/www.compa-sp.com.br\"]}]}<\/script>\n<!-- \/ Yoast SEO Premium plugin. -->","yoast_head_json":{"title":"Bate-papo com a escritora e ilustradora L\u00facia Hiratsuka &#187; Compa SP \u00bb Col\u00e9gio da Companhia de Maria Bate-papo com a escritora e ilustradora L\u00facia Hiratsuka &#187;","description":"Visita especial da escritora L\u00facia Hiratsuka no Compa SP, L\u00facia conquistou o pr\u00eamio Jabuti em 2019, na categoria de ilustra\u00e7\u00e3o.","robots":{"index":"index","follow":"follow","max-snippet":"max-snippet:-1","max-image-preview":"max-image-preview:large","max-video-preview":"max-video-preview:-1"},"canonical":"https:\/\/www.compa-sp.com.br\/en\/blog\/acontece-no-compa\/bate-papo-com-a-escritora-e-ilustradora-lucia-hiratsuka\/","og_locale":"en_US","og_type":"article","og_title":"Bate-papo com a escritora e ilustradora L\u00facia Hiratsuka","og_description":"Nosso olhar aponta para o novo, sem desconsiderar a seguran\u00e7a da tradi\u00e7\u00e3o de quem educa h\u00e1 mais de 400 anos em v\u00e1rias partes do mundo.","og_url":"https:\/\/www.compa-sp.com.br\/en\/blog\/acontece-no-compa\/bate-papo-com-a-escritora-e-ilustradora-lucia-hiratsuka\/","og_site_name":"Compa SP \u00bb Col\u00e9gio da Companhia de Maria","article_publisher":"https:\/\/www.facebook.com\/colegiodacompanhiademaria","article_published_time":"2023-03-16T19:24:20+00:00","article_modified_time":"2023-04-17T19:28:47+00:00","og_image":[{"width":1920,"height":1080,"url":"https:\/\/www.compa-sp.com.br\/wp-content\/uploads\/2023\/04\/lucina_hiratsuka_compasp.jpg","type":"image\/jpeg"}],"author":"compa","twitter_card":"summary_large_image","twitter_misc":{"Written by":"compa","Est. reading time":"3 minutes"},"schema":{"@context":"https:\/\/schema.org","@graph":[{"@type":"Article","@id":"https:\/\/www.compa-sp.com.br\/blog\/acontece-no-compa\/bate-papo-com-a-escritora-e-ilustradora-lucia-hiratsuka\/#article","isPartOf":{"@id":"https:\/\/www.compa-sp.com.br\/blog\/acontece-no-compa\/bate-papo-com-a-escritora-e-ilustradora-lucia-hiratsuka\/"},"author":{"name":"compa","@id":"https:\/\/www.compa-sp.com.br\/#\/schema\/person\/b8be9445f03770337f3e4ee97c1a8aa3"},"headline":"Bate-papo com a escritora e ilustradora L\u00facia Hiratsuka","datePublished":"2023-03-16T19:24:20+00:00","dateModified":"2023-04-17T19:28:47+00:00","mainEntityOfPage":{"@id":"https:\/\/www.compa-sp.com.br\/blog\/acontece-no-compa\/bate-papo-com-a-escritora-e-ilustradora-lucia-hiratsuka\/"},"wordCount":123,"commentCount":0,"publisher":{"@id":"https:\/\/www.compa-sp.com.br\/#organization"},"image":{"@id":"https:\/\/www.compa-sp.com.br\/blog\/acontece-no-compa\/bate-papo-com-a-escritora-e-ilustradora-lucia-hiratsuka\/#primaryimage"},"thumbnailUrl":"https:\/\/www.compa-sp.com.br\/wp-content\/uploads\/2023\/04\/lucina_hiratsuka_compasp.jpg","articleSection":["Acontece no Compa"],"inLanguage":"en-US","potentialAction":[{"@type":"CommentAction","name":"Comment","target":["https:\/\/www.compa-sp.com.br\/blog\/acontece-no-compa\/bate-papo-com-a-escritora-e-ilustradora-lucia-hiratsuka\/#respond"]}]},{"@type":"WebPage","@id":"https:\/\/www.compa-sp.com.br\/blog\/acontece-no-compa\/bate-papo-com-a-escritora-e-ilustradora-lucia-hiratsuka\/","url":"https:\/\/www.compa-sp.com.br\/blog\/acontece-no-compa\/bate-papo-com-a-escritora-e-ilustradora-lucia-hiratsuka\/","name":"Bate-papo com a escritora e ilustradora L\u00facia Hiratsuka &#187; Compa SP \u00bb Col\u00e9gio da Companhia de Maria Bate-papo com a escritora e ilustradora L\u00facia Hiratsuka &#187;","isPartOf":{"@id":"https:\/\/www.compa-sp.com.br\/#website"},"primaryImageOfPage":{"@id":"https:\/\/www.compa-sp.com.br\/blog\/acontece-no-compa\/bate-papo-com-a-escritora-e-ilustradora-lucia-hiratsuka\/#primaryimage"},"image":{"@id":"https:\/\/www.compa-sp.com.br\/blog\/acontece-no-compa\/bate-papo-com-a-escritora-e-ilustradora-lucia-hiratsuka\/#primaryimage"},"thumbnailUrl":"https:\/\/www.compa-sp.com.br\/wp-content\/uploads\/2023\/04\/lucina_hiratsuka_compasp.jpg","datePublished":"2023-03-16T19:24:20+00:00","dateModified":"2023-04-17T19:28:47+00:00","description":"Visita especial da escritora L\u00facia Hiratsuka no Compa SP, L\u00facia conquistou o pr\u00eamio Jabuti em 2019, na categoria de ilustra\u00e7\u00e3o.","breadcrumb":{"@id":"https:\/\/www.compa-sp.com.br\/blog\/acontece-no-compa\/bate-papo-com-a-escritora-e-ilustradora-lucia-hiratsuka\/#breadcrumb"},"inLanguage":"en-US","potentialAction":[{"@type":"ReadAction","target":["https:\/\/www.compa-sp.com.br\/blog\/acontece-no-compa\/bate-papo-com-a-escritora-e-ilustradora-lucia-hiratsuka\/"]}]},{"@type":"ImageObject","inLanguage":"en-US","@id":"https:\/\/www.compa-sp.com.br\/blog\/acontece-no-compa\/bate-papo-com-a-escritora-e-ilustradora-lucia-hiratsuka\/#primaryimage","url":"https:\/\/www.compa-sp.com.br\/wp-content\/uploads\/2023\/04\/lucina_hiratsuka_compasp.jpg","contentUrl":"https:\/\/www.compa-sp.com.br\/wp-content\/uploads\/2023\/04\/lucina_hiratsuka_compasp.jpg","width":1920,"height":1080},{"@type":"BreadcrumbList","@id":"https:\/\/www.compa-sp.com.br\/blog\/acontece-no-compa\/bate-papo-com-a-escritora-e-ilustradora-lucia-hiratsuka\/#breadcrumb","itemListElement":[{"@type":"ListItem","position":1,"name":"In\u00edcio","item":"https:\/\/www.compa-sp.com.br\/"},{"@type":"ListItem","position":2,"name":"Bate-papo com a escritora e ilustradora L\u00facia Hiratsuka"}]},{"@type":"WebSite","@id":"https:\/\/www.compa-sp.com.br\/#website","url":"https:\/\/www.compa-sp.com.br\/","name":"Compa SP \u00bb Col\u00e9gio da Companhia de Maria","description":"International Education Network","publisher":{"@id":"https:\/\/www.compa-sp.com.br\/#organization"},"potentialAction":[{"@type":"SearchAction","target":{"@type":"EntryPoint","urlTemplate":"https:\/\/www.compa-sp.com.br\/?s={search_term_string}"},"query-input":{"@type":"PropertyValueSpecification","valueRequired":true,"valueName":"search_term_string"}}],"inLanguage":"en-US"},{"@type":"Organization","@id":"https:\/\/www.compa-sp.com.br\/#organization","name":"Compa SP \u2022 Col\u00e9gio da Companhia de Maria \u2022 S\u00e3o Paulo","alternateName":"Compa SP","url":"https:\/\/www.compa-sp.com.br\/","logo":{"@type":"ImageObject","inLanguage":"en-US","@id":"https:\/\/www.compa-sp.com.br\/#\/schema\/logo\/image\/","url":"https:\/\/www.compa-sp.com.br\/wp-content\/uploads\/2022\/10\/COMPA_LOGO.png","contentUrl":"https:\/\/www.compa-sp.com.br\/wp-content\/uploads\/2022\/10\/COMPA_LOGO.png","width":1820,"height":1820,"caption":"Compa SP \u2022 Col\u00e9gio da Companhia de Maria \u2022 S\u00e3o Paulo"},"image":{"@id":"https:\/\/www.compa-sp.com.br\/#\/schema\/logo\/image\/"},"sameAs":["https:\/\/www.facebook.com\/colegiodacompanhiademaria","https:\/\/www.instagram.com\/colegiocompasp","https:\/\/www.linkedin.com\/company\/compa-sp","https:\/\/www.youtube.com\/compasp"]},{"@type":"Person","@id":"https:\/\/www.compa-sp.com.br\/#\/schema\/person\/b8be9445f03770337f3e4ee97c1a8aa3","name":"coma","image":{"@type":"ImageObject","inLanguage":"en-US","@id":"https:\/\/secure.gravatar.com\/avatar\/8568cee3774dc59503b10b32e3d5c2ff1cac61105fd16b8c4db778724774e290?s=96&d=mm&r=g","url":"https:\/\/secure.gravatar.com\/avatar\/8568cee3774dc59503b10b32e3d5c2ff1cac61105fd16b8c4db778724774e290?s=96&d=mm&r=g","contentUrl":"https:\/\/secure.gravatar.com\/avatar\/8568cee3774dc59503b10b32e3d5c2ff1cac61105fd16b8c4db778724774e290?s=96&d=mm&r=g","caption":"compa"},"sameAs":["https:\/\/www.compa-sp.com.br"]}]}},"_links":{"self":[{"href":"https:\/\/www.compa-sp.com.br\/en\/wp-json\/wp\/v2\/posts\/35294","targetHints":{"allow":["GET"]}}],"collection":[{"href":"https:\/\/www.compa-sp.com.br\/en\/wp-json\/wp\/v2\/posts"}],"about":[{"href":"https:\/\/www.compa-sp.com.br\/en\/wp-json\/wp\/v2\/types\/post"}],"author":[{"embeddable":true,"href":"https:\/\/www.compa-sp.com.br\/en\/wp-json\/wp\/v2\/users\/1"}],"replies":[{"embeddable":true,"href":"https:\/\/www.compa-sp.com.br\/en\/wp-json\/wp\/v2\/comments?post=35294"}],"version-history":[{"count":6,"href":"https:\/\/www.compa-sp.com.br\/en\/wp-json\/wp\/v2\/posts\/35294\/revisions"}],"predecessor-version":[{"id":35311,"href":"https:\/\/www.compa-sp.com.br\/en\/wp-json\/wp\/v2\/posts\/35294\/revisions\/35311"}],"wp:featuredmedia":[{"embeddable":true,"href":"https:\/\/www.compa-sp.com.br\/en\/wp-json\/wp\/v2\/media\/35296"}],"wp:attachment":[{"href":"https:\/\/www.compa-sp.com.br\/en\/wp-json\/wp\/v2\/media?parent=35294"}],"wp:term":[{"taxonomy":"category","embeddable":true,"href":"https:\/\/www.compa-sp.com.br\/en\/wp-json\/wp\/v2\/categories?post=35294"},{"taxonomy":"post_tag","embeddable":true,"href":"https:\/\/www.compa-sp.com.br\/en\/wp-json\/wp\/v2\/tags?post=35294"}],"curies":[{"name":"wp","href":"https:\/\/api.w.org\/{rel}","templated":true}]}}